{"id":268,"date":"2018-11-02T10:32:19","date_gmt":"2018-11-02T08:32:19","guid":{"rendered":"http:\/\/blogit.xamk.fi\/x-muuttuja\/?p=268"},"modified":"2018-11-02T10:32:19","modified_gmt":"2018-11-02T08:32:19","slug":"verkostoitumis-ja-rekrymessujen-aikataulu-on-nyt-julkaistu","status":"publish","type":"post","link":"https:\/\/blogit.xamk.fi\/x-muuttuja\/verkostoitumis-ja-rekrymessujen-aikataulu-on-nyt-julkaistu\/","title":{"rendered":"Verkostoitumis- ja rekrymessujen aikataulu on nyt julkaistu!"},"content":{"rendered":"<h2>Kouvolan kampuksen verkostoitumis- ja rekrymessujen sek\u00e4 myynnin p\u00e4iv\u00e4n tarkka aikataulu on nyt t\u00e4\u00e4ll\u00e4.<\/h2>\n<p>Kouvolan verkostoitumistapahtuma alkaa virallisesti torstaina 15.11. klo 9:00 koulutusjohtaja Seija Aallon puheenvuorolla Pajan n\u00e4yttelytilassa. Puheenvuoron j\u00e4lkeen on luvassa mielenkiintoisia, kompakteja yritysesittelyj\u00e4 paikallisilta yrityksilt\u00e4 sek\u00e4 puheevuoroja Xamkin eri toimijoilta. Yritysesittelyiden lis\u00e4ksi Pajan n\u00e4yttelytilassa on lukuisia yrityspisteit\u00e4 verkostoitumista varten, tule siis ajan kanssa paikan p\u00e4\u00e4lle ja ota CV mukaan tapahtumaan! Torstaip\u00e4iv\u00e4n ohjelma p\u00e4\u00e4ttyy virallisesti klo 15:00. Yritysten iltatilaisuus alkaa klo 16:00.<\/p>\n<p><img loading=\"lazy\" decoding=\"async\" class=\"attachment-post-thumbnail size-post-thumbnail\" src=\"http:\/\/blogit.xamk.fi\/x-muuttuja\/wp-content\/uploads\/sites\/43\/2018\/11\/2018-11-02-4-624x713.png\" alt=\"\" width=\"624\" height=\"713\" \/><\/p>\n<p>&nbsp;<\/p>\n<p>Perjantaina messut jatkuvat klo 9:00 alkaen verkostoitumisteemalla ja Pajan n\u00e4yttelytilassa yrityksi\u00e4 on tavattavissa st\u00e4ndeill\u00e4\u00e4n. My\u00f6s mielenkiintoiset yritysesittelyt jatkuvat aina klo 12:50 asti. Perjantaip\u00e4iv\u00e4n p\u00e4\u00e4tt\u00e4\u00e4 tajunnanr\u00e4j\u00e4ytt\u00e4v\u00e4 klo 13:00 alkava\u00a0<strong><a href=\"https:\/\/www.linkedin.com\/in\/rubanovitsch\/\">Mika D. Rubanovitschin<\/a>\u00a0<\/strong>luento: Ostovallankumouksesta myyntikapinaan \u2013 oletko valmis? Tapahtuma p\u00e4\u00e4ttyy virallisesti klo 14:30.<\/p>\n<p>&nbsp;<\/p>\n<p><img loading=\"lazy\" decoding=\"async\" class=\"attachment-post-thumbnail size-post-thumbnail\" src=\"http:\/\/blogit.xamk.fi\/x-muuttuja\/wp-content\/uploads\/sites\/43\/2018\/11\/2018-11-02-5-624x526.png\" alt=\"\" width=\"624\" height=\"526\" \/><\/p>\n<p>&nbsp;<\/p>\n<h3>Tiedossa siis todella antoisa ja mielenkiintoinen tapahtuma Kouvolan kampuksella 15.11. \u2013 16.11.2018, johon kannattaa ehdottomasti osallistua niin ensimm\u00e4isen vuoden kuin valmistuvankin opiskelijankin! Tule verkostoitumaan ja kuuntelemaan Suomen johtavan myyntivalmentajan inspiroivaa luentoa myyntikapinasta. Paikkasi luennolle p\u00e4\u00e4set varmistamaan <a href=\"https:\/\/asiointi.xamk.fi\/lomakkeet\/892\/lomake.html?fbclid=IwAR1yqhK5vljf2-NYwumnVPSh8zqB8yK7PmfHnz2UHM1wQiZezt_xwU6sgNs\">T\u00c4ST\u00c4 LINKIST\u00c4.<\/a><\/h3>\n<p>&nbsp;<\/p>\n<h5><em>Kotkassa 13-14.11 j\u00e4rjestett\u00e4v\u00e4n verkostoitumistapahtuman sek\u00e4 Mikkelin ja Savonlinnan kampusten yritt\u00e4jyysviikon ohjelmat p\u00e4\u00e4set tsekkaamaan <a href=\"https:\/\/www.xamk.fi\/tutkimus-ja-kehitystoiminta\/pienyrityskeskus\/yrittajyysviikko\/\">t\u00e4\u00e4lt\u00e4.<\/a> <\/em><\/h5>\n<p>&nbsp;<\/p>\n<p><em>Kirjoittaja:<\/em><\/p>\n<h5><strong><em><u><a href=\"https:\/\/www.linkedin.com\/in\/elli-ilona-pallaskallio-34a8b8172\/\">Elli-Ilona Pallaskallio<\/a><br \/>\n<\/u><\/em><\/strong><em>Myynnin, markkinoinnin ja palvelumuotoilun toisen vuoden opiskelija<br \/>\noelpa018@edu.xamk.fi<\/em><\/h5>\n","protected":false},"excerpt":{"rendered":"<p>Kouvolan kampuksen verkostoitumis- ja rekrymessujen sek\u00e4 myynnin p\u00e4iv\u00e4n tarkka aikataulu on nyt t\u00e4\u00e4ll\u00e4. Kouvolan verkostoitumistapahtuma alkaa virallisesti torstaina 15.11. klo 9:00 koulutusjohtaja Seija Aallon puheenvuorolla Pajan n\u00e4yttelytilassa. Puheenvuoron j\u00e4lkeen on luvassa mielenkiintoisia, kompakteja yritysesittelyj\u00e4 paikallisilta yrityksilt\u00e4 sek\u00e4 puheevuoroja Xamkin eri toimijoilta. Yritysesittelyiden lis\u00e4ksi Pajan n\u00e4yttelytilassa on lukuisia yrityspisteit\u00e4 verkostoitumista varten, tule siis ajan kanssa paikan [&hellip;]<\/p>\n","protected":false},"author":196,"featured_media":197,"comment_status":"open","ping_status":"open","sticky":false,"template":"","format":"standard","meta":{"inline_featured_image":false,"footnotes":""},"categories":[69,24,42,76,77,75,1],"tags":[70,82,47,71,50,73,79,78,80,74],"class_list":["post-268","post","type-post","status-publish","format-standard","has-post-thumbnail","hentry","category-kansainvalisyys","category-myynti-ja-markkinointi","category-opiskelija","category-rekrytointi","category-tapahtumat-ja-messut","category-verkostoituminen","category-yleinen","tag-kansainvalisyys","tag-myynnin-paiva","tag-myynti-ja-markkinointi","tag-myyntikapina","tag-opiskelija","tag-rekry-ja-verkostoitumistapahtuma","tag-rekrytointi","tag-tapahtumat-ja-messut","tag-verkostoituminen","tag-xamkissa-tapahtuu"],"jetpack_featured_media_url":"https:\/\/blogit.xamk.fi\/x-muuttuja\/wp-content\/uploads\/sites\/43\/2018\/10\/gewsquare.jpg","_links":{"self":[{"href":"https:\/\/blogit.xamk.fi\/x-muuttuja\/wp-json\/wp\/v2\/posts\/268","targetHints":{"allow":["GET"]}}],"collection":[{"href":"https:\/\/blogit.xamk.fi\/x-muuttuja\/wp-json\/wp\/v2\/posts"}],"about":[{"href":"https:\/\/blogit.xamk.fi\/x-muuttuja\/wp-json\/wp\/v2\/types\/post"}],"author":[{"embeddable":true,"href":"https:\/\/blogit.xamk.fi\/x-muuttuja\/wp-json\/wp\/v2\/users\/196"}],"replies":[{"embeddable":true,"href":"https:\/\/blogit.xamk.fi\/x-muuttuja\/wp-json\/wp\/v2\/comments?post=268"}],"version-history":[{"count":10,"href":"https:\/\/blogit.xamk.fi\/x-muuttuja\/wp-json\/wp\/v2\/posts\/268\/revisions"}],"predecessor-version":[{"id":289,"href":"https:\/\/blogit.xamk.fi\/x-muuttuja\/wp-json\/wp\/v2\/posts\/268\/revisions\/289"}],"wp:featuredmedia":[{"embeddable":true,"href":"https:\/\/blogit.xamk.fi\/x-muuttuja\/wp-json\/wp\/v2\/media\/197"}],"wp:attachment":[{"href":"https:\/\/blogit.xamk.fi\/x-muuttuja\/wp-json\/wp\/v2\/media?parent=268"}],"wp:term":[{"taxonomy":"category","embeddable":true,"href":"https:\/\/blogit.xamk.fi\/x-muuttuja\/wp-json\/wp\/v2\/categories?post=268"},{"taxonomy":"post_tag","embeddable":true,"href":"https:\/\/blogit.xamk.fi\/x-muuttuja\/wp-json\/wp\/v2\/tags?post=268"}],"curies":[{"name":"wp","href":"https:\/\/api.w.org\/{rel}","templated":true}]}}