{"id":241,"date":"2021-06-03T13:48:59","date_gmt":"2021-06-03T10:48:59","guid":{"rendered":"https:\/\/blogit.xamk.fi\/sova\/?p=241"},"modified":"2021-06-03T13:49:00","modified_gmt":"2021-06-03T10:49:00","slug":"nakeeko-kukaan-kiusaajan-kuoren-alle","status":"publish","type":"post","link":"https:\/\/blogit.xamk.fi\/sova\/2021\/06\/03\/nakeeko-kukaan-kiusaajan-kuoren-alle\/","title":{"rendered":"N\u00e4keek\u00f6 kukaan kiusaajan kuoren alle?"},"content":{"rendered":"\n<p><em>Kirjoittajat:<\/em> Riina\u00a0Aholin\u00a0 ja Anu Peltola<\/p>\n\n\n\n<p>Blogikirjoituksemme aihe liittyy nuorten hyvinvointiin. Kuluneen talven aikana esiin tulleet nuorten tekem\u00e4t vakavat v\u00e4kivalta- ja kiusaamistapaukset ovat koskettaneet meit\u00e4 paljon. Yleisiss\u00e4 keskusteluissa huomio keskittyy yleens\u00e4 uhrien kokemuksiin eik\u00e4 niiss\u00e4 l\u00f6ydy juurikaan tilaa empatialle tekij\u00e4\u00e4 tai syytetty\u00e4 kohtaan. Ihmiset ovat nettikeskusteluissa usein hyvinkin julmia ja valmiita jakamaan tuomioita ajattelematta enemp\u00e4\u00e4 sit\u00e4, mist\u00e4 nuorten pahoinvointi johtuu. Omassa arjessamme olemme seuranneet l\u00e4helt\u00e4 aiheeseen liittyvi\u00e4 tilanteita, ja siksi halusimme kirjoittaa blogitekstin, joka her\u00e4ttelee ajattelemaan n\u00e4it\u00e4 tapahtumia erilaisesta n\u00e4k\u00f6kulmasta.<\/p>\n\n\n\n<p><strong>N\u00e4keek\u00f6 kukaan kiusaajan kuoren alle?\u00a0\u00a0<\/strong><\/p>\n\n\n\n<p class=\"has-text-align-center\">\u201dPaskiainen\u201d<\/p>\n\n\n\n<p class=\"has-text-align-center\">\u201dIhmishirvi\u00f6\u201d<\/p>\n\n\n\n<p class=\"has-text-align-center\">\u201dTollaset tunteettomat siat pit\u00e4is hakata.\u201d<\/p>\n\n\n\n<p class=\"has-text-align-center\">\u201dEi s\u00e4\u00e4lit\u00e4 yht\u00e4\u00e4n, aivan sairas.\u201d&nbsp;<\/p>\n\n\n\n<p>Yll\u00e4 muutamia suoria lainauksia viimeaikaisista, vakaviin koulukiusaamis- ja v\u00e4kivaltatapauksiin liittyvist\u00e4 nettikeskusteluista. Uutiset n\u00e4ist\u00e4 nuorten keskuudessa esiintyvist\u00e4 ilmi\u00f6ist\u00e4 ovat olleet pys\u00e4ytt\u00e4vi\u00e4. Tuntuu k\u00e4sitt\u00e4m\u00e4tt\u00f6m\u00e4lle lukea siit\u00e4, mit\u00e4 kaikkea saattaa tapahtua tavallisena perjantai-iltana samaan aikaan, kun itse istuu sohvalla tyytyv\u00e4isen\u00e4 televisiota katsellen.<\/p>\n\n\n\n<p><strong>Miksi kukaan ei tee mit\u00e4\u00e4n?\u00a0<\/strong><\/p>\n\n\n\n<p>On sanomattakin selv\u00e4\u00e4, ett\u00e4 kiusaamisen\u00a0tai\u00a0v\u00e4kivallan\u00a0kohteeksi\u00a0joutuminen aiheuttaa\u00a0k\u00e4rsimyst\u00e4. Uhrien el\u00e4m\u00e4ss\u00e4 n\u00e4m\u00e4 pitk\u00e4aikaiset vaikutukset n\u00e4kyv\u00e4t\u00a0yleens\u00e4\u00a0huonona\u00a0itsetuntona. Heid\u00e4n\u00a0on usein vaikea luottaa toisiin ihmisiin\u00a0ja\u00a0solmia\u00a0siten\u00a0l\u00e4heisi\u00e4 ihmissuhteita.\u00a0Joillakin kiusaamisen j\u00e4ljet seuraavat pitk\u00e4lle aikuisuuteen ilmeten\u00a0erilaisina fyysisin\u00e4 ja\u00a0psyykkisin\u00e4 reaktioina, kuten paniikkih\u00e4iri\u00f6n\u00e4\u00a0ja ahdistuksena.\u00a0(Viita-aho 2012, 55\u201357.)\u00a0Uhrien tarinoita on koskettavaa lukea, ja heid\u00e4n kokemuksensa her\u00e4tt\u00e4v\u00e4t\u00a0meiss\u00e4\u00a0vahvaa my\u00f6t\u00e4tuntoa. Sis\u00e4lt\u00e4\u00a0kumpuaa usein\u00a0my\u00f6s vihan tunteita, ja mielen saattaa t\u00e4ytt\u00e4\u00e4\u00a0pelko ja ahdistus.\u00a0Tekee mieli huutaa \u00e4\u00e4neen:\u00a0eih\u00e4n t\u00e4m\u00e4 voi olla totta!\u00a0Miksi t\u00e4llaista tapahtuu?\u00a0Kiukku nousee pintaan.\u00a0Apua! Tehk\u00e4\u00e4 jotain!\u00a0T\u00e4m\u00e4n pit\u00e4\u00e4 loppua!\u00a0\u00a0<\/p>\n\n\n\n<figure class=\"wp-block-image size-large\"><img loading=\"lazy\" decoding=\"async\" width=\"1024\" height=\"678\" src=\"https:\/\/blogit.xamk.fi\/sova\/wp-content\/uploads\/sites\/54\/2021\/06\/bulb-1994881_1920-1024x678.jpg\" alt=\"\" class=\"wp-image-243\" srcset=\"https:\/\/blogit.xamk.fi\/sova\/wp-content\/uploads\/sites\/54\/2021\/06\/bulb-1994881_1920-1024x678.jpg 1024w, https:\/\/blogit.xamk.fi\/sova\/wp-content\/uploads\/sites\/54\/2021\/06\/bulb-1994881_1920-300x199.jpg 300w, https:\/\/blogit.xamk.fi\/sova\/wp-content\/uploads\/sites\/54\/2021\/06\/bulb-1994881_1920-768x508.jpg 768w, https:\/\/blogit.xamk.fi\/sova\/wp-content\/uploads\/sites\/54\/2021\/06\/bulb-1994881_1920-1536x1017.jpg 1536w, https:\/\/blogit.xamk.fi\/sova\/wp-content\/uploads\/sites\/54\/2021\/06\/bulb-1994881_1920-200x132.jpg 200w, https:\/\/blogit.xamk.fi\/sova\/wp-content\/uploads\/sites\/54\/2021\/06\/bulb-1994881_1920.jpg 1920w\" sizes=\"auto, (max-width: 1024px) 100vw, 1024px\" \/><figcaption>Kuva: Pixabay<\/figcaption><\/figure>\n\n\n\n<p><strong>N\u00f6ss\u00f6jen\u00a0kerho\u00a0<\/strong><\/p>\n\n\n\n<p>Oletko koskaan pys\u00e4htynyt miettim\u00e4\u00e4n, miksi joku kiusaa?&nbsp;Mik\u00e4&nbsp;aiheuttaa sen, ett\u00e4&nbsp;nuori&nbsp;k\u00e4ytt\u00e4ytyy&nbsp;toista&nbsp;kohtaan&nbsp;vahingoittavalla tavalla?&nbsp;Kysymyksiin&nbsp;on haettu vastausta&nbsp;Haarnion&nbsp;ja H\u00e4nnisen (2019) tutkielmassa&nbsp;\u201dJotta en itse joutuisi&nbsp;n\u00f6ss\u00f6jen&nbsp;kerhoon\u201d. Tutkielmassa he haastattelivat jo aikuisi\u00e4n kynnykselle kasvaneita nuoria opiskelijoita, ja&nbsp;kartoittivat&nbsp;koulukiusaajien n\u00e4kemyksi\u00e4 oman kiusaamisensa taustalla vaikuttaneista syist\u00e4 (Haarnio &amp; H\u00e4nninen 2019, 7). Tutkielman&nbsp;mukaan&nbsp;kiusaajat nimesiv\u00e4t yleisimmiksi syiksi k\u00e4ytt\u00e4ytymiselleen ryhm\u00e4paineen ja pelon. Esille nousivat my\u00f6s ajattelemattomuus, viha, kosto ja paha olo.&nbsp;(Haarnio &amp; H\u00e4nninen 2019, 44.)&nbsp;Joskus harmittomasta l\u00e4p\u00e4st\u00e4 voi saada alkunsa vuosia jatkuva kiusaaminen, joka pahimmassa tapauksessa eskaloituu v\u00e4kivallaksi.&nbsp;&nbsp;<\/p>\n\n\n\n<p><strong>Puutteet, vaikeudet, heikot taidot\u00a0<\/strong><\/p>\n\n\n\n<p>V\u00e4kivallalla&nbsp;tarkoitetaan&nbsp;toisen henkil\u00f6n henkeen ja terveyteen kohdistuvaa&nbsp;tahallista tekoa.&nbsp;&nbsp;Nuorten keskuudessa eriasteista v\u00e4kivaltaa esiintyy yll\u00e4tt\u00e4v\u00e4n paljon,&nbsp;sill\u00e4&nbsp;karkeasti arvioiden&nbsp;ik\u00e4ryhm\u00e4ss\u00e4\u00e4n noin joka kymmenes nuori k\u00e4ytt\u00e4\u00e4 v\u00e4kivaltaa.&nbsp;(Rytk\u00f6nen 2013, 20.) V\u00e4kivaltainen k\u00e4yt\u00f6s&nbsp;kertoo&nbsp;yksil\u00f6n heikoista sosiaalisista taidoista ja puutteellisista kyvyist\u00e4 hallita negatiivisia tunteita ja mielihaluja. Se kertoo my\u00f6s&nbsp;vaikeuksista ratkoa ristiriitoja ja&nbsp;saavuttaa&nbsp;yhteiskunnallisia sosiaalisia tavoitteita.&nbsp;(Rytk\u00f6nen 2013, 22.)&nbsp;<\/p>\n\n\n\n<p>Minna Rytk\u00f6nen on tutkinut v\u00e4it\u00f6skirjassaan v\u00e4kivallan tekoja tehneiden nuorten sosioemotionaalista terveytt\u00e4 (Rytk\u00f6nen 2013, 14) valtaosa tutkimuksen nuorista oli el\u00e4nyt lapsuutensa haavoittavissa oloissa. Heid\u00e4n sosioemotionaaliset ongelmansa ilmeniv\u00e4t muun muassa vakavina vaikeuksina arkiel\u00e4m\u00e4n vaatimuksiin ja odotuksiin sopeutumisessa. Lis\u00e4ksi monen nuoren oli haasteellista olla kanssak\u00e4ymisiss\u00e4 ik\u00e4istens\u00e4 kanssa. My\u00f6s tarkoituksenmukaisella tavalla k\u00e4ytt\u00e4ytyminen ja tunteiden ilmaiseminen tuotti heille paljon vaikeuksia.&nbsp;(Rytk\u00f6nen 2013, 98.)<\/p>\n\n\n\n<p>Nuorten el\u00e4m\u00e4ss\u00e4 esiintyneist\u00e4 haavoittavista tekij\u00f6ist\u00e4&nbsp;merkitt\u00e4vimm\u00e4ksi&nbsp;nousi kotiolojen ep\u00e4vakaus (Rytk\u00f6nen 2013, 98). Se ilmeni monen nuoren lapsuuden perheess\u00e4 muun muassa vanhempien runsaana p\u00e4ihteiden k\u00e4ytt\u00f6n\u00e4, vanhempien v\u00e4lisin\u00e4 ristiriitoina ja v\u00e4kivaltana. Useat nuoret olivat kohdanneet perhev\u00e4kivallan lis\u00e4ksi my\u00f6s muita traumatisoivia tapahtumia, kuten kaltoinkohtelua ja hylk\u00e4\u00e4mist\u00e4. Tutkimuksen nuorilla ilmeni lis\u00e4ksi keskim\u00e4\u00e4r\u00e4ist\u00e4 enemm\u00e4n k\u00e4yt\u00f6s- ja tarkkaavaisuush\u00e4iri\u00f6iden piirteit\u00e4 ja niihin liittyvi\u00e4 mielialavaikeuksia. T\u00e4m\u00e4 sent\u00e4\u00e4n ei tullut yll\u00e4tyksen\u00e4, sill\u00e4 ep\u00e4vakaissa olosuhteissa n\u00e4iden ominaisuuksien tiedet\u00e4\u00e4n vaikuttavan hyvinkin negatiivisesti lasten ja nuorten sosioemotionaaliseen kehitykseen. (Rytk\u00f6nen 2013, 99.)<\/p>\n\n\n\n<p><strong>Kuka hakkaa ja\u00a0kiusaa?\u00a0<\/strong><\/p>\n\n\n\n<p>Kiusaajan kuoren alle katsominen voi pelottaa. Eik\u00e4 ihme, sill\u00e4 kovalta tuntuvan kuoren alta voi paljastua vahvoja tunteita &#8211; vihaa ja pelkoa. Sielt\u00e4 voi my\u00f6s hyp\u00e4t\u00e4 silmille kerta toisensa j\u00e4lkeen ohitetut inhimilliset tarpeet, kokemukset humalassa riehuvista aikuisista tai vuosia kertynyt kauna elinymp\u00e4rist\u00f6n aikuisten v\u00e4linpit\u00e4m\u00e4tt\u00f6myydest\u00e4.<\/p>\n\n\n\n<p>Ennen kaikkea kuoren alta l\u00f6ytyy ihminen, el\u00e4m\u00e4ns\u00e4 alkutaipaleella oleva, h\u00e4t\u00e4\u00e4ns\u00e4 huutava nuori, joka ei ole saanut apua. Nuori, joka toivoisi tulevansa kuulluksi, ymm\u00e4rretyksi ja n\u00e4hdyksi.\u00a0\u00a0<\/p>\n\n\n\n<p><strong>L\u00e4hteet<\/strong><\/p>\n\n\n\n<p>Haarnio, H. &amp; H\u00e4nninen, H. 2019. \u201dJotten itse joutuisi n\u00f6ss\u00f6jen kerhoon\u201d; Koulukiusaamisen syyt ja puuttuminen kiusaajien kertomana. Turun yliopisto. Kasvatustiede. Pro Gradu -tutkielma. PDF-dokumentti. Saatavissa: <a href=\"https:\/\/www.utupub.fi\/bitstream\/handle\/10024\/147219\/Opiskelija1Haarnio_Hanna_Opiskelija2Hanninen_Heidi_opinnayte.pdf?sequence=1&amp;isAllowed=y\" target=\"_blank\" rel=\"noreferrer noopener\">https:\/\/www.utupub.fi\/bitstream\/handle\/10024\/147219\/Opiskelija1Haarnio_Hanna_Opiskelija2Hanninen_Heidi_opinnayte.pdf?sequence=1&amp;isAllowed=y<\/a>&nbsp; [Viitattu 25.4.2021]<\/p>\n\n\n\n<p>Rytk\u00f6nen, M. 2013. Kehityskulkuja ja v\u00e4liintuloja. Ekologinen n\u00e4k\u00f6kulma vakavan v\u00e4kivallanteon tehneiden nuorten sosioemotionaalisen terveyden kehitykseen. It\u00e4-Suomen yliopisto. Terveystieteiden tiedekunta. V\u00e4it\u00f6skirja. PDF-dokumentti. Saatavissa: <a rel=\"noreferrer noopener\" href=\"https:\/\/erepo.uef.fi\/bitstream\/handle\/123456789\/12573\/urn_isbn_978-952-61-1174-2.pdf?sequence=1&amp;isAllowed=y\" target=\"_blank\">https:\/\/erepo.uef.fi\/bitstream\/handle\/123456789\/12573\/urn_isbn_978-952-61-1174-2.pdf?sequence=1&amp;isAllowed=y<\/a>\u202f\u00a0[Viitattu 2.5.2021] <\/p>\n\n\n\n<p>Viita-aho R. 2012. \u201dEl\u00e4m\u00e4n mittainen taakka\u201d Koulukiusattujen kokemuksia kiusaamisen seurauksista aikuisi\u00e4ll\u00e4. Lapin yliopisto. Kasvatustieteiden tiedekunta. Pro Gradu -tutkielma. PDF-dokumentti. Saatavissa: <a rel=\"noreferrer noopener\" href=\"https:\/\/lauda.ulapland.fi\/bitstream\/handle\/10024\/59733\/Viita-aho.Raila.pdf?sequence=1&amp;isAllowed=y\" target=\"_blank\">https:\/\/lauda.ulapland.fi\/bitstream\/handle\/10024\/59733\/Viita-aho.Raila.pdf?sequence=1&amp;isAllowed=y<\/a>\u202f\u00a0[Viitattu 22.4.2021] <\/p>\n\n\n\n<p><strong>Kirjoittajat<\/strong><\/p>\n\n\n\n<p>Kirjoittajat Riina Aholin ja Anu Peltola ovat ensimm\u00e4isen vuoden sosionomiopiskelijoita Kaakkois-Suomen ammattikorkeakoulusta.<\/p>\n\n\n\n<h1 class=\"wp-block-heading\">&nbsp;<\/h1>\n","protected":false},"excerpt":{"rendered":"<p>Kirjoittajat: Riina\u00a0Aholin\u00a0 ja Anu Peltola Blogikirjoituksemme aihe liittyy nuorten hyvinvointiin. Kuluneen talven aikana esiin tulleet nuorten tekem\u00e4t vakavat v\u00e4kivalta- ja kiusaamistapaukset ovat koskettaneet meit\u00e4 paljon. Yleisiss\u00e4 keskusteluissa huomio keskittyy yleens\u00e4 uhrien kokemuksiin eik\u00e4 niiss\u00e4 l\u00f6ydy juurikaan tilaa empatialle tekij\u00e4\u00e4 tai syytetty\u00e4 kohtaan. Ihmiset ovat nettikeskusteluissa usein hyvinkin julmia ja valmiita jakamaan tuomioita ajattelematta enemp\u00e4\u00e4 sit\u00e4, [&hellip;]<\/p>\n","protected":false},"author":233,"featured_media":0,"comment_status":"open","ping_status":"open","sticky":false,"template":"","format":"standard","meta":{"inline_featured_image":false,"footnotes":""},"categories":[1],"tags":[17,53,98,19],"class_list":["post-241","post","type-post","status-publish","format-standard","hentry","category-yleinen","tag-kiusaaminen","tag-nuoret","tag-nuori","tag-vakivalta"],"jetpack_featured_media_url":"","_links":{"self":[{"href":"https:\/\/blogit.xamk.fi\/sova\/wp-json\/wp\/v2\/posts\/241","targetHints":{"allow":["GET"]}}],"collection":[{"href":"https:\/\/blogit.xamk.fi\/sova\/wp-json\/wp\/v2\/posts"}],"about":[{"href":"https:\/\/blogit.xamk.fi\/sova\/wp-json\/wp\/v2\/types\/post"}],"author":[{"embeddable":true,"href":"https:\/\/blogit.xamk.fi\/sova\/wp-json\/wp\/v2\/users\/233"}],"replies":[{"embeddable":true,"href":"https:\/\/blogit.xamk.fi\/sova\/wp-json\/wp\/v2\/comments?post=241"}],"version-history":[{"count":3,"href":"https:\/\/blogit.xamk.fi\/sova\/wp-json\/wp\/v2\/posts\/241\/revisions"}],"predecessor-version":[{"id":245,"href":"https:\/\/blogit.xamk.fi\/sova\/wp-json\/wp\/v2\/posts\/241\/revisions\/245"}],"wp:attachment":[{"href":"https:\/\/blogit.xamk.fi\/sova\/wp-json\/wp\/v2\/media?parent=241"}],"wp:term":[{"taxonomy":"category","embeddable":true,"href":"https:\/\/blogit.xamk.fi\/sova\/wp-json\/wp\/v2\/categories?post=241"},{"taxonomy":"post_tag","embeddable":true,"href":"https:\/\/blogit.xamk.fi\/sova\/wp-json\/wp\/v2\/tags?post=241"}],"curies":[{"name":"wp","href":"https:\/\/api.w.org\/{rel}","templated":true}]}}